{"id":1127,"date":"2009-06-27T17:35:00","date_gmt":"2009-06-27T16:35:00","guid":{"rendered":"http:\/\/blog.vdch.de\/?p=1127"},"modified":"2009-06-27T17:35:00","modified_gmt":"2009-06-27T16:35:00","slug":"erstmals-professoren-studenten-duell-in-dortmund","status":"publish","type":"post","link":"https:\/\/www.achteminute.de\/en\/20090627\/erstmals-professoren-studenten-duell-in-dortmund\/","title":{"rendered":"Erstmals Professoren-Studenten-Duell in Dortmund"},"content":{"rendered":"<p>Als Beitrag f\u00fcr das seit Jahren sehr erfolgreiche Campusfest der TU Dortmund organisierte <a style=\"FONT-WEIGHT: bold; COLOR: rgb(51,51,255)\" href=\"http:\/\/www.blogger.com\/www.debado.de\">DebaDo \u2013 Debatte Dortmund<\/a> erstmals ein Debattenduell gegen ein Professorenteam.<\/p>\n<p>Dabei stritten f\u00fcr DebaDo <span style=\"FONT-WEIGHT: bold; COLOR: rgb(204,102,204)\">Djamila Lindemann<\/span>,<span style=\"COLOR: rgb(204,102,204)\"> <span style=\"FONT-WEIGHT: bold\">Markus Kr\u00fcmpel<\/span><\/span> und<span style=\"FONT-WEIGHT: bold\"> <\/span><span style=\"COLOR: rgb(204,102,204)\"><span style=\"FONT-WEIGHT: bold\">J\u00f6rn Hahn<\/span> <\/span>gegen die Sozialp\u00e4dagogin <span style=\"COLOR: rgb(0,0,0)\">Gaby Fl\u00f6sser<\/span><span style=\"COLOR: rgb(0,0,0)\">, den Physiker <\/span><span style=\"COLOR: rgb(0,0,0)\">Metin Tolan<\/span><span style=\"COLOR: rgb(0,0,0)\"> (Deutschlands James Bond-Forscher) und den Statistiker <\/span><span style=\"COLOR: rgb(0,0,0)\">Claus Weihs<\/span><span style=\"COLOR: rgb(0,0,0)\">. Das Team von DebaDo forderte: \u201eProfessoren sollen zum Hochschulsport verpflichtet werden!\u201c. Als freier Redner und Experte redete der Leiter des allgemeinen Hochschulsport <\/span><span style=\"COLOR: rgb(0,0,0)\">Jan-Philipp M\u00fcller<\/span><span style=\"COLOR: rgb(0,0,0)\">.<\/span><\/p>\n<p><a href=\"http:\/\/1.bp.blogspot.com\/_BVlQFJYTXJQ\/SkeRSCpjC_I\/AAAAAAAABTc\/krksyI9i6Lg\/s1600-h\/Gruppenfoto_Showdebatte_Dortmund_kleiner.JPG\"><img decoding=\"async\" id=\"BLOGGER_PHOTO_ID_5352406421287930866\" style=\"WIDTH: 400px; CURSOR: hand; HEIGHT: 300px\" alt=\"\" src=\"http:\/\/1.bp.blogspot.com\/_BVlQFJYTXJQ\/SkeRSCpjC_I\/AAAAAAAABTc\/krksyI9i6Lg\/s400\/Gruppenfoto_Showdebatte_Dortmund_kleiner.JPG\" border=\"0\" \/><\/a><br \/><span style=\"font-size:85%;\">Organisatoren und Debattanten der ersten Dortmunder Studi-Prof-Debatte: (v.l.n.r.) <strong><span style=\"color:#cc33cc;\">Nelli Graf<\/span><\/strong>, <strong><span style=\"color:#cc33cc;\">Tobias Raschke<\/span><\/strong>, Djamila Lindemann, Metin Tolan, Markus Kr\u00fcmpel, <strong><span style=\"color:#cc33cc;\">Lars Koppers<\/span><\/strong>, J\u00f6rn Hahn, Claus Weihs und Jan-Philipp M\u00fcller \u2013 Gaby Fl\u00f6sser war schon beim Fitnessprogramm<\/span><\/p>\n<p>Die R\u00fcckmeldungen der Zuschauer waren durchweg positiv, sodass es sicherlich zu einer Wiederholung der Veranstaltung kommen wird. Nur das Abstimmen m\u00fcssen die Zuschauer dann noch besser hinbekommen: W\u00e4hrend die Dozenten unter den Zuschauern sich geschlossen f\u00fcr DebaDo als Sieger \u2013 und damit f\u00fcr die Verpflichtung zum Hochschulsport \u2013 aussprachen, stimmten einige Studenten tats\u00e4chlich f\u00fcr das Team der Professoren. Da hatten wohl welche Angst vor der n\u00e4chsten Pr\u00fcfung\u2026<\/p>\n<p><span style=\"FONT-STYLE: italic\">Text: J\u00f6rn Hahn, DebaDo<br \/>Bild: DebaDo<\/p>\n<p><\/span><span style=\"FONT-STYLE: italic\"><\/span><\/p>\n","protected":false},"excerpt":{"rendered":"<p>Als Beitrag f\u00fcr das seit Jahren sehr erfolgreiche Campusfest der TU Dortmund organisierte DebaDo \u2013 Debatte Dortmund erstmals ein Debattenduell gegen ein Professorenteam. Dabei stritten f\u00fcr DebaDo Djamila Lindemann, Markus Kr\u00fcmpel und J\u00f6rn Hahn gegen die Sozialp\u00e4dagogin Gaby Fl\u00f6sser, den &#8230;<\/p>\n","protected":false},"author":1,"featured_media":0,"comment_status":"open","ping_status":"open","sticky":false,"template":"","format":"standard","meta":{"footnotes":""},"categories":[44,43],"tags":[],"class_list":["post-1127","post","type-post","status-publish","format-standard","hentry","category-neues-aus-den-clubs","category-themen"],"_links":{"self":[{"href":"https:\/\/www.achteminute.de\/en\/wp-json\/wp\/v2\/posts\/1127","targetHints":{"allow":["GET"]}}],"collection":[{"href":"https:\/\/www.achteminute.de\/en\/wp-json\/wp\/v2\/posts"}],"about":[{"href":"https:\/\/www.achteminute.de\/en\/wp-json\/wp\/v2\/types\/post"}],"author":[{"embeddable":true,"href":"https:\/\/www.achteminute.de\/en\/wp-json\/wp\/v2\/users\/1"}],"replies":[{"embeddable":true,"href":"https:\/\/www.achteminute.de\/en\/wp-json\/wp\/v2\/comments?post=1127"}],"version-history":[{"count":0,"href":"https:\/\/www.achteminute.de\/en\/wp-json\/wp\/v2\/posts\/1127\/revisions"}],"wp:attachment":[{"href":"https:\/\/www.achteminute.de\/en\/wp-json\/wp\/v2\/media?parent=1127"}],"wp:term":[{"taxonomy":"category","embeddable":true,"href":"https:\/\/www.achteminute.de\/en\/wp-json\/wp\/v2\/categories?post=1127"},{"taxonomy":"post_tag","embeddable":true,"href":"https:\/\/www.achteminute.de\/en\/wp-json\/wp\/v2\/tags?post=1127"}],"curies":[{"name":"wp","href":"https:\/\/api.w.org\/{rel}","templated":true}]}}