{"id":1964,"date":"2010-01-29T14:19:01","date_gmt":"2010-01-29T13:19:01","guid":{"rendered":"http:\/\/blog.vdch.de\/?p=1964"},"modified":"2010-02-04T01:36:56","modified_gmt":"2010-02-04T00:36:56","slug":"pressebericht-uber-showdebatte-debado-vs-piraten","status":"publish","type":"post","link":"https:\/\/www.achteminute.de\/en\/20100129\/pressebericht-uber-showdebatte-debado-vs-piraten\/","title":{"rendered":"Pressebericht \u00fcber Showdebatte &#8220;DebaDo vs. Piraten&#8221;"},"content":{"rendered":"<p>In der &#8220;pflichtlekt\u00fcre&#8221;, dem Studierendenmagazin der Universit\u00e4ten Bochum, Dortmund und Duisburg-Essen, ist ein <a href=\"http:\/\/www.pflichtlektuere.com\/29\/01\/2010\/debado-debattiert-mit-piraten\/\">Bericht \u00fcber die Showdebatte des Dortmunder Clubs gegen NRW-Landtagskandidaten der Piratenpartei<\/a> erschienen. Die Debatte wurde im Rahmen der Reihe &#8220;DebaDo gegen den Rest der Welt&#8221; des VDCH-Clubs\u00a0<strong>Debatte Dortmund<\/strong> (DebaDo) ausgetragen. Im Bericht hei\u00dft es:<\/p>\n<blockquote><p><a rel=\"attachment wp-att-21884\" href=\"https:\/\/www.achteminute.de\/?attachment_id=21884\"><\/a> &#8220;&#8216;Debattieren ist eine Art Sport. Man trainiert einen bestimmten Standpunkt zu vertreten&#8217;, sagte der 24-j\u00e4hrige Informationstechnikstudent <strong>Andreas Pappe<\/strong>. Das er diesen Sport beherrscht zeigte Pappe sofort. Mit viel Emotionen pl\u00e4dierte er f\u00fcr die St\u00e4rkung der \u00f6ffentlich-rechtlichen Sender. Schlagfertig und souver\u00e4n reagierte er auf die Zwischenrufe aus dem Publikum. [&#8230;] Nach einer guten Stunde war dann die Debatte vorbei. Die Teilnehmer des Debattierclubs haben weiter Erfahrungen gesammelt. Die Piraten r\u00fchrten die Wahlkampftrommel f\u00fcr die Landtagswahl am neunten Mai.&#8221;<\/p><\/blockquote>\n","protected":false},"excerpt":{"rendered":"<p>In der &#8220;pflichtlekt\u00fcre&#8221;, dem Studierendenmagazin der Universit\u00e4ten Bochum, Dortmund und Duisburg-Essen, ist ein Bericht \u00fcber die Showdebatte des Dortmunder Clubs gegen NRW-Landtagskandidaten der Piratenpartei erschienen. Die Debatte wurde im Rahmen der Reihe &#8220;DebaDo gegen den Rest der Welt&#8221; des VDCH-Clubs\u00a0Debatte &#8230;<\/p>\n","protected":false},"author":3,"featured_media":0,"comment_status":"open","ping_status":"closed","sticky":false,"template":"","format":"standard","meta":{"footnotes":""},"categories":[44,51,1349],"tags":[146,186,144],"class_list":["post-1964","post","type-post","status-publish","format-standard","hentry","category-neues-aus-den-clubs","category-politik-und-gesellschaft","category-presseschau","tag-dortmund","tag-pappe","tag-showdebatte"],"_links":{"self":[{"href":"https:\/\/www.achteminute.de\/en\/wp-json\/wp\/v2\/posts\/1964","targetHints":{"allow":["GET"]}}],"collection":[{"href":"https:\/\/www.achteminute.de\/en\/wp-json\/wp\/v2\/posts"}],"about":[{"href":"https:\/\/www.achteminute.de\/en\/wp-json\/wp\/v2\/types\/post"}],"author":[{"embeddable":true,"href":"https:\/\/www.achteminute.de\/en\/wp-json\/wp\/v2\/users\/3"}],"replies":[{"embeddable":true,"href":"https:\/\/www.achteminute.de\/en\/wp-json\/wp\/v2\/comments?post=1964"}],"version-history":[{"count":4,"href":"https:\/\/www.achteminute.de\/en\/wp-json\/wp\/v2\/posts\/1964\/revisions"}],"predecessor-version":[{"id":2072,"href":"https:\/\/www.achteminute.de\/en\/wp-json\/wp\/v2\/posts\/1964\/revisions\/2072"}],"wp:attachment":[{"href":"https:\/\/www.achteminute.de\/en\/wp-json\/wp\/v2\/media?parent=1964"}],"wp:term":[{"taxonomy":"category","embeddable":true,"href":"https:\/\/www.achteminute.de\/en\/wp-json\/wp\/v2\/categories?post=1964"},{"taxonomy":"post_tag","embeddable":true,"href":"https:\/\/www.achteminute.de\/en\/wp-json\/wp\/v2\/tags?post=1964"}],"curies":[{"name":"wp","href":"https:\/\/api.w.org\/{rel}","templated":true}]}}