{"id":29482,"date":"2016-07-20T10:00:20","date_gmt":"2016-07-20T08:00:20","guid":{"rendered":"http:\/\/www.achteminute.de\/?p=29482"},"modified":"2016-08-25T21:20:55","modified_gmt":"2016-08-25T19:20:55","slug":"bewerber-muessen-was-bewegen-wollen-jan-ehlert-im-gespraech-ueber-die-mv","status":"publish","type":"post","link":"https:\/\/www.achteminute.de\/en\/20160720\/bewerber-muessen-was-bewegen-wollen-jan-ehlert-im-gespraech-ueber-die-mv\/","title":{"rendered":"&#8221;Bewerber m\u00fcssen was bewegen wollen&#8221; Jan Ehlert im Gespr\u00e4ch \u00fcber die MV"},"content":{"rendered":"<p class=\"qtranxs-available-languages-message qtranxs-available-languages-message-en\">Sorry, this entry is only available in <a href=\"https:\/\/www.achteminute.de\/de\/wp-json\/wp\/v2\/posts\/29482\" class=\"qtranxs-available-language-link qtranxs-available-language-link-de\" title=\"Deutsch\">Deutsch<\/a>.<\/p>","protected":false},"excerpt":{"rendered":"<p>Sorry, this entry is only available in Deutsch.<\/p>\n","protected":false},"author":45,"featured_media":29488,"comment_status":"open","ping_status":"open","sticky":false,"template":"","format":"standard","meta":{"footnotes":""},"categories":[47,1108,49],"tags":[1332,267,452,107,2665],"class_list":["post-29482","post","type-post","status-publish","format-standard","has-post-thumbnail","hentry","category-menschen","category-mittwochs-feature","category-vdch","tag-ehlert","tag-gottingen","tag-mitgliederversammlung","tag-tubingen","tag-vdch-mv"],"_links":{"self":[{"href":"https:\/\/www.achteminute.de\/en\/wp-json\/wp\/v2\/posts\/29482","targetHints":{"allow":["GET"]}}],"collection":[{"href":"https:\/\/www.achteminute.de\/en\/wp-json\/wp\/v2\/posts"}],"about":[{"href":"https:\/\/www.achteminute.de\/en\/wp-json\/wp\/v2\/types\/post"}],"author":[{"embeddable":true,"href":"https:\/\/www.achteminute.de\/en\/wp-json\/wp\/v2\/users\/45"}],"replies":[{"embeddable":true,"href":"https:\/\/www.achteminute.de\/en\/wp-json\/wp\/v2\/comments?post=29482"}],"version-history":[{"count":0,"href":"https:\/\/www.achteminute.de\/en\/wp-json\/wp\/v2\/posts\/29482\/revisions"}],"wp:featuredmedia":[{"embeddable":true,"href":"https:\/\/www.achteminute.de\/en\/wp-json\/wp\/v2\/media\/29488"}],"wp:attachment":[{"href":"https:\/\/www.achteminute.de\/en\/wp-json\/wp\/v2\/media?parent=29482"}],"wp:term":[{"taxonomy":"category","embeddable":true,"href":"https:\/\/www.achteminute.de\/en\/wp-json\/wp\/v2\/categories?post=29482"},{"taxonomy":"post_tag","embeddable":true,"href":"https:\/\/www.achteminute.de\/en\/wp-json\/wp\/v2\/tags?post=29482"}],"curies":[{"name":"wp","href":"https:\/\/api.w.org\/{rel}","templated":true}]}}