{"id":3635,"date":"2010-05-29T19:55:07","date_gmt":"2010-05-29T17:55:07","guid":{"rendered":"http:\/\/achteminute.vdch.de\/?p=3635"},"modified":"2010-05-29T19:55:07","modified_gmt":"2010-05-29T17:55:07","slug":"ddm-2010-juroren-gesucht","status":"publish","type":"post","link":"https:\/\/www.achteminute.de\/en\/20100529\/ddm-2010-juroren-gesucht\/","title":{"rendered":"DDM 2010: Juroren gesucht"},"content":{"rendered":"<p><a href=\"https:\/\/www.achteminute.de\/wp-content\/uploads\/2010\/05\/ddm-logo_1.jpg\"><img loading=\"lazy\" decoding=\"async\" class=\"alignright size-medium wp-image-3194\" title=\"ddm-2010-logo-ohne-rand\" src=\"https:\/\/www.achteminute.de\/wp-content\/uploads\/2010\/05\/ddm-logo_1-300x218.jpg\" alt=\"\" width=\"180\" height=\"131\" srcset=\"https:\/\/www.achteminute.de\/wp-content\/uploads\/2010\/05\/ddm-logo_1-300x218.jpg 300w, https:\/\/www.achteminute.de\/wp-content\/uploads\/2010\/05\/ddm-logo_1.jpg 822w\" sizes=\"auto, (max-width: 180px) 100vw, 180px\" \/><\/a>Chefjuroren und Cheforganisatoren der Deutschen Debattiermeisterschaft (DDM) suchen noch Jurorinnen und Juroren f\u00fcr das Turnier. Wer Interesse hat, bei der DDM zu jurieren, kann sich an debating[at]uni-muenster.de wenden. Die DDM 2010 wird im Debattierformat <a href=\"http:\/\/vdch.de\/unterlagen\/regeln\/bps2007.pdf\">BPS<\/a> ausgetragen.<\/p>\n<p>Die <a href=\"https:\/\/www.achteminute.de\/index.php\/20100528\/reden-und-reden-lassen-bei-der-deutschen-debattiermeisterschaft\/\">DDM 2010<\/a> wird von 3. bis 6.    Juni  vom <strong>Verband der Debattierclubs an Hochschulen<\/strong> e.   V. (VDCH)  im  Rahmen der ZEIT-DEBATTEN-Serie im westf\u00e4lischen M\u00fcnster veranstaltet.  Die Organisation hat im  Auftrag des VDCH der <strong>Debattierclub   M\u00fcnster <\/strong>\u00fcbernommen. Das Turnier steht unter dem Motto &#8220;Reden und  reden lassen&#8221;. Die inhaltliche Betreuung liegt beim Chefjurorenteam, dem <strong>Sebastian Berg<\/strong> (DC M\u00fcnster), <strong>Marcel Giersdorf<\/strong> (DCJG Mainz) und<strong> Daniel Grotzky<\/strong> (DC M\u00fcnchen) angeh\u00f6ren. Die Cheforganisation liegt in den H\u00e4nden von <strong>Julian Schneider<\/strong>, <strong>Katharina R\u00f6hm<\/strong>, <strong>Jost Schrooten<\/strong> und <strong>Knut Knudsen<\/strong> vom DC M\u00fcnster.<\/p>\n","protected":false},"excerpt":{"rendered":"<p>Chefjuroren und Cheforganisatoren der Deutschen Debattiermeisterschaft (DDM) suchen noch Jurorinnen und Juroren f\u00fcr das Turnier. Wer Interesse hat, bei der DDM zu jurieren, kann sich an debating[at]uni-muenster.de wenden. Die DDM 2010 wird im Debattierformat BPS ausgetragen. Die DDM 2010 wird &#8230;<\/p>\n","protected":false},"author":3,"featured_media":0,"comment_status":"open","ping_status":"closed","sticky":false,"template":"","format":"standard","meta":{"footnotes":""},"categories":[46,49],"tags":[417,298,104,87,419,323,418,320,297],"class_list":["post-3635","post","type-post","status-publish","format-standard","hentry","category-turniere","category-vdch","tag-berg","tag-ddm","tag-giersdorf","tag-grotzky","tag-knudsen","tag-munster","tag-rohm","tag-schneider","tag-schrooten"],"_links":{"self":[{"href":"https:\/\/www.achteminute.de\/en\/wp-json\/wp\/v2\/posts\/3635","targetHints":{"allow":["GET"]}}],"collection":[{"href":"https:\/\/www.achteminute.de\/en\/wp-json\/wp\/v2\/posts"}],"about":[{"href":"https:\/\/www.achteminute.de\/en\/wp-json\/wp\/v2\/types\/post"}],"author":[{"embeddable":true,"href":"https:\/\/www.achteminute.de\/en\/wp-json\/wp\/v2\/users\/3"}],"replies":[{"embeddable":true,"href":"https:\/\/www.achteminute.de\/en\/wp-json\/wp\/v2\/comments?post=3635"}],"version-history":[{"count":2,"href":"https:\/\/www.achteminute.de\/en\/wp-json\/wp\/v2\/posts\/3635\/revisions"}],"predecessor-version":[{"id":3637,"href":"https:\/\/www.achteminute.de\/en\/wp-json\/wp\/v2\/posts\/3635\/revisions\/3637"}],"wp:attachment":[{"href":"https:\/\/www.achteminute.de\/en\/wp-json\/wp\/v2\/media?parent=3635"}],"wp:term":[{"taxonomy":"category","embeddable":true,"href":"https:\/\/www.achteminute.de\/en\/wp-json\/wp\/v2\/categories?post=3635"},{"taxonomy":"post_tag","embeddable":true,"href":"https:\/\/www.achteminute.de\/en\/wp-json\/wp\/v2\/tags?post=3635"}],"curies":[{"name":"wp","href":"https:\/\/api.w.org\/{rel}","templated":true}]}}