{"id":3687,"date":"2010-06-03T18:00:32","date_gmt":"2010-06-03T16:00:32","guid":{"rendered":"http:\/\/achteminute.vdch.de\/?p=3687"},"modified":"2010-06-04T00:17:29","modified_gmt":"2010-06-03T22:17:29","slug":"ddm-im-gesprach-verena-graf-debattiert-mit-einer-internetbekanntschaft","status":"publish","type":"post","link":"https:\/\/www.achteminute.de\/en\/20100603\/ddm-im-gesprach-verena-graf-debattiert-mit-einer-internetbekanntschaft\/","title":{"rendered":"DDM im Gespr\u00e4ch: Verena Gr\u00e4f debattiert mit einer Internetbekanntschaft"},"content":{"rendered":"<p><a href=\"https:\/\/www.achteminute.de\/wp-content\/uploads\/2010\/06\/vrorosa.jpg\"><img loading=\"lazy\" decoding=\"async\" class=\"alignright size-medium wp-image-3775\" title=\"vrorosa\" src=\"https:\/\/www.achteminute.de\/wp-content\/uploads\/2010\/06\/vrorosa-300x300.jpg\" alt=\"\" width=\"300\" height=\"300\" srcset=\"https:\/\/www.achteminute.de\/wp-content\/uploads\/2010\/06\/vrorosa-300x300.jpg 300w, https:\/\/www.achteminute.de\/wp-content\/uploads\/2010\/06\/vrorosa-150x150.jpg 150w, https:\/\/www.achteminute.de\/wp-content\/uploads\/2010\/06\/vrorosa-1024x1024.jpg 1024w\" sizes=\"auto, (max-width: 300px) 100vw, 300px\" \/><\/a>Die Achte Minute l\u00e4dt Euch ein, Teilnehmerinnen und Teilnehmer der    Deutschen Debattiermeisterschaft (DDM) 2010 kennenzulernen. Daf\u00fcr gibt    es w\u00e4hrend der DDM-Tage die Reihe &#8220;DDM im Gespr\u00e4ch&#8221;. Hier kommen wir mit  Menschen ins Gespr\u00e4ch, die bei der DDM  dabei sind &#8211; sei es um zu   helfen, zu reden oder zu jurieren. Den Anfang macht <strong>Verena Rosa Gr\u00e4f<\/strong> vom Debattierclub Kikero Bozen, die zum ersten Mal bei einer DDM ist &#8211; und mit einer Internetbekanntschaft antritt.<\/p>\n<p><strong><em>Achte Minute:<\/em><\/strong><em> <\/em>Hey Verena, das ist Deine erste DDM<em> &#8211; <\/em>aufgeregt?<em><br \/>\n<\/em><\/p>\n<p><strong><em>Verena: <\/em><\/strong>Ja, total! Das ist viel gr\u00f6\u00dfer als die ZEIT DEBATTEN, bei denen ich bisher war. BPS habe ich noch nie debattiert &#8211; wir in Bozen machen immer OPD. Au\u00dferdem debattiere ich mit Anja Pfeffermann vom Debattierclub Bayreuth und habe keine Ahnung, wie sie debattiert und sie hat auch keine Ahnung, wie ich debattiere.<\/p>\n<p><strong><em>Achte Minute: <\/em><\/strong>Du trittst mit einer Teampartnerin an, mit der Du noch nie im Team warst &#8211; wie kommt&#8217;s?<\/p>\n<p><strong><em>Verena: <\/em><\/strong>Ja, das ist ganz lustig. Anja kenne ich erst seit zweieinhalb Wochen &#8220;offline&#8221;, vorher kannten wir uns nur von Twitter! Als ich in T\u00fcbingen zur ZEIT DEBATTE ankam, trafen wir uns zuf\u00e4llig am Bahnhof und haben einander gleich erkannt. Als dann vor der DDM klar wurde, dass aus Bozen au\u00dfer mir keiner teilnehmen kann, weil w\u00e4hrend der DDM-Tage an der Bozener Uni Pr\u00fcfungen anstehen, habe ich per Twitter alle Debattanten, die ich kenne, gefragt, ob sie mit mir f\u00fcr Bozen antreten wollen &#8211; und Anja hat spontan zugesagt.<\/p>\n<p><strong><em>Achte Minute:<\/em><\/strong> Da Bozen sonst kein Team bei der DDM stellen k\u00f6nnte, d\u00fcrft Ihr sogar als gemischtes Team breaken &#8211; wie sieht&#8217;s aus, was habt Ihr Euch vorgenommen?<\/p>\n<p><strong><em>Verena: <\/em><\/strong>Wir haben nat\u00fcrlich erstmal sichergestellt, dass wir breaken d\u00fcrfen, sind hier aber nicht mit der Erwartung unbedingt weiterzukommen. Andererseits: Vorgestern habe ich auf Facebook geschrieben: &#8220;Koch tritt zur\u00fcck, Lena gewinnt, K\u00f6hler tritt zur\u00fcck &#8211; was kann da noch krasses kommen?&#8221; und Anja hat im Scherz geantwortet &#8220;Wir gewinnen die DDM&#8221;. Das w\u00e4re nat\u00fcrlich ein Superlativ! Aber im Ernst: Wir sind vor allem hier um Spa\u00df zu haben und um viel zu lernen. Wir haben beide in den letzten Monaten vor allem juriert und freuen uns darauf, jetzt mal wieder selbst am Rednerpult zu stehen.<\/p>\n<p><strong><em>Achte Minute:<\/em><\/strong> Vielen Dank f\u00fcr das Gespr\u00e4ch!<\/p>\n<p><a href=\"https:\/\/www.achteminute.de\/wp-content\/uploads\/2010\/02\/ZEIT_DEBATTEN_Logo_s1.jpg\"><img loading=\"lazy\" decoding=\"async\" class=\"alignright size-medium  wp-image-2281\" title=\"ZEIT_DEBATTEN_Logo_s\" src=\"https:\/\/www.achteminute.de\/wp-content\/uploads\/2010\/02\/ZEIT_DEBATTEN_Logo_s1-300x121.jpg\" alt=\"\" width=\"300\" height=\"121\" srcset=\"https:\/\/www.achteminute.de\/wp-content\/uploads\/2010\/02\/ZEIT_DEBATTEN_Logo_s1-300x121.jpg 300w, https:\/\/www.achteminute.de\/wp-content\/uploads\/2010\/02\/ZEIT_DEBATTEN_Logo_s1-1024x413.jpg 1024w\" sizes=\"auto, (max-width: 300px) 100vw, 300px\" \/><\/a>Die <a href=\"..\/index.php\/20100531\/index.php\/20100528\/reden-und-reden-lassen-bei-der-deutschen-debattiermeisterschaft\/\">DDM   2010<\/a> wird von 3. bis 6.    Juni  vom <strong>Verband der   Debattierclubs an Hochschulen<\/strong> e.   V. (VDCH)  im  Rahmen der   ZEIT-DEBATTEN-Serie im westf\u00e4lischen M\u00fcnster veranstaltet.  Die   Organisation hat im  Auftrag des VDCH der <strong>Debattierclub     M\u00fcnster <\/strong>\u00fcbernommen. Das Turnier steht unter dem Motto &#8220;Reden   und  reden lassen&#8221;. Die Debattierthemen und viel mehr Infos rund um das Turnier gibt es   laufend bei Twitter unter dem Hashtag #DDM2010. Die Tweets laufen auch   hier im Magazin auf der rechten Seite ein. Au\u00dferdem berichtet das   Achte-Minute-Magazin nat\u00fcrlich &#8211; also schaut hier regelm\u00e4\u00dfig vorbei!<\/p>\n","protected":false},"excerpt":{"rendered":"<p>Die Achte Minute l\u00e4dt Euch ein, Teilnehmerinnen und Teilnehmer der Deutschen Debattiermeisterschaft (DDM) 2010 kennenzulernen. Daf\u00fcr gibt es w\u00e4hrend der DDM-Tage die Reihe &#8220;DDM im Gespr\u00e4ch&#8221;. Hier kommen wir mit Menschen ins Gespr\u00e4ch, die bei der DDM dabei sind &#8211; &#8230;<\/p>\n","protected":false},"author":3,"featured_media":0,"comment_status":"open","ping_status":"closed","sticky":false,"template":"","format":"standard","meta":{"footnotes":""},"categories":[47,46],"tags":[318,298,423,214,174],"class_list":["post-3687","post","type-post","status-publish","format-standard","hentry","category-menschen","category-turniere","tag-bozen","tag-ddm","tag-graf","tag-pfeffermann","tag-zeit-debatten"],"_links":{"self":[{"href":"https:\/\/www.achteminute.de\/en\/wp-json\/wp\/v2\/posts\/3687","targetHints":{"allow":["GET"]}}],"collection":[{"href":"https:\/\/www.achteminute.de\/en\/wp-json\/wp\/v2\/posts"}],"about":[{"href":"https:\/\/www.achteminute.de\/en\/wp-json\/wp\/v2\/types\/post"}],"author":[{"embeddable":true,"href":"https:\/\/www.achteminute.de\/en\/wp-json\/wp\/v2\/users\/3"}],"replies":[{"embeddable":true,"href":"https:\/\/www.achteminute.de\/en\/wp-json\/wp\/v2\/comments?post=3687"}],"version-history":[{"count":14,"href":"https:\/\/www.achteminute.de\/en\/wp-json\/wp\/v2\/posts\/3687\/revisions"}],"predecessor-version":[{"id":3790,"href":"https:\/\/www.achteminute.de\/en\/wp-json\/wp\/v2\/posts\/3687\/revisions\/3790"}],"wp:attachment":[{"href":"https:\/\/www.achteminute.de\/en\/wp-json\/wp\/v2\/media?parent=3687"}],"wp:term":[{"taxonomy":"category","embeddable":true,"href":"https:\/\/www.achteminute.de\/en\/wp-json\/wp\/v2\/categories?post=3687"},{"taxonomy":"post_tag","embeddable":true,"href":"https:\/\/www.achteminute.de\/en\/wp-json\/wp\/v2\/tags?post=3687"}],"curies":[{"name":"wp","href":"https:\/\/api.w.org\/{rel}","templated":true}]}}