{"id":4195,"date":"2010-06-29T10:13:13","date_gmt":"2010-06-29T08:13:13","guid":{"rendered":"http:\/\/achteminute.vdch.de\/?p=4195"},"modified":"2010-06-29T10:13:26","modified_gmt":"2010-06-29T08:13:26","slug":"regios-nachlese-10","status":"publish","type":"post","link":"https:\/\/www.achteminute.de\/en\/20100629\/regios-nachlese-10\/","title":{"rendered":"Regios Nachlese 10"},"content":{"rendered":"<p>Die Zeitschrift TOP Th\u00fcringen schreibt in ihrer Sommerausgabe \u00fcber die Ost- und Mitteldeutsche Meisterschaft. Leider steht der Artikel \u00fcber das Turnier, das das <strong>Wortkombinat Ilmenau <\/strong>Mitte April organisierte, nicht online zu Verf\u00fcgung, aber hier gibt&#8217;s einen Auszug &#8211; wer alles lesen will, muss sich das Magazin kaufen und auf Seite 92f nachschlagen.<!--more--><\/p>\n<blockquote><p>&#8220;Ein oder zwei Clubs stellten die Regierungspartei dar, gekennzeichnet durch ein Schild vor der linken Rednerbank auf der B\u00fchne im Ausdimax-H\u00f6rsaal der TU Ilmenau. Rechst sa\u00dfen die vier &#8216;Oppositionsvertreter&#8217;. Leider war der Saal nur zu einem Viertel gef\u00fcllt. Zu sch\u00f6n war das Wetter an diesem sonnitgen Sonntag im April. Der Stimmung im Saal schadete das nur wenig. Zu konzentriert waren die Teilnehmer, zu engagiert die mitgereisten kommilitonen, also die &#8216;Fans&#8217;.<\/p>\n<p>Als Chefjuroren konnte das Wortkombinat <strong>Isabelle Loewe <\/strong>(Debattierclub Bonn), <strong>Torsten R\u00f6ssing<\/strong> (Klartext Halle) und <strong>Jens Fischer<\/strong> (Debattierclub Bonn) [sic! richtigerweise war Jens Tabmaster und geh\u00f6rt zur Berlin Debating Union] gewinnen. Sie stellten ein Viertelstunde vor Redezeitbeginn ein Thema zur Debatte. In dieser kurzen Vorbereitungszeit wurden die Reden an die Mitstreiter verteilt. [&#8230;] Ein lautes Klopfen nach der ersten und Eine Minute vor der letzen Redeminute, half dem Redner sich zu strukturieren. Hier wurde nicht geschwafelt, wie weiland im Land- oder Bundestag. Mit vollem Stimm- und K\u00f6rpereinsatz vertraten die jungen Redner &#8216;ihre&#8217; Meinung zum gestellten Thema. [&#8230;] Wegtr\u00e4umen w\u00e4hrend der Reden? Fehlanzeige! Der Jury und den Zuh\u00f6rern wurde jede Sekunde vollste Aufmerksamkeit abverlangt.&#8221;<\/p><\/blockquote>\n","protected":false},"excerpt":{"rendered":"<p>Die Zeitschrift TOP Th\u00fcringen schreibt in ihrer Sommerausgabe \u00fcber die Ost- und Mitteldeutsche Meisterschaft. Leider steht der Artikel \u00fcber das Turnier, das das Wortkombinat Ilmenau Mitte April organisierte, nicht online zu Verf\u00fcgung, aber hier gibt&#8217;s einen Auszug &#8211; wer alles &#8230;<\/p>\n","protected":false},"author":3,"featured_media":0,"comment_status":"open","ping_status":"closed","sticky":false,"template":"","format":"standard","meta":{"footnotes":""},"categories":[46,49],"tags":[79,189,80,462,345,368],"class_list":["post-4195","post","type-post","status-publish","format-standard","hentry","category-turniere","category-vdch","tag-fischer","tag-ilmenau","tag-loewe","tag-modm","tag-regios","tag-rossing"],"_links":{"self":[{"href":"https:\/\/www.achteminute.de\/en\/wp-json\/wp\/v2\/posts\/4195","targetHints":{"allow":["GET"]}}],"collection":[{"href":"https:\/\/www.achteminute.de\/en\/wp-json\/wp\/v2\/posts"}],"about":[{"href":"https:\/\/www.achteminute.de\/en\/wp-json\/wp\/v2\/types\/post"}],"author":[{"embeddable":true,"href":"https:\/\/www.achteminute.de\/en\/wp-json\/wp\/v2\/users\/3"}],"replies":[{"embeddable":true,"href":"https:\/\/www.achteminute.de\/en\/wp-json\/wp\/v2\/comments?post=4195"}],"version-history":[{"count":2,"href":"https:\/\/www.achteminute.de\/en\/wp-json\/wp\/v2\/posts\/4195\/revisions"}],"predecessor-version":[{"id":4197,"href":"https:\/\/www.achteminute.de\/en\/wp-json\/wp\/v2\/posts\/4195\/revisions\/4197"}],"wp:attachment":[{"href":"https:\/\/www.achteminute.de\/en\/wp-json\/wp\/v2\/media?parent=4195"}],"wp:term":[{"taxonomy":"category","embeddable":true,"href":"https:\/\/www.achteminute.de\/en\/wp-json\/wp\/v2\/categories?post=4195"},{"taxonomy":"post_tag","embeddable":true,"href":"https:\/\/www.achteminute.de\/en\/wp-json\/wp\/v2\/tags?post=4195"}],"curies":[{"name":"wp","href":"https:\/\/api.w.org\/{rel}","templated":true}]}}